{"id":7481,"date":"2022-01-17T15:56:53","date_gmt":"2022-01-17T15:56:53","guid":{"rendered":"https:\/\/www.eibol.com\/eibol-protege-tu-cultivo-frente-al-frio\/"},"modified":"2023-01-19T08:45:57","modified_gmt":"2023-01-19T08:45:57","slug":"eibol-protege-tu-cultivo-frente-al-frio","status":"publish","type":"post","link":"https:\/\/www.eibol.com\/pt-pt\/eibol-protege-tu-cultivo-frente-al-frio\/","title":{"rendered":"EIBOL protege tu cultivo frente al fr\u00edo"},"content":{"rendered":"\n<p>Durante el invierno se producen bruscos cambios de temperatura derivados de la gran amplitud t\u00e9rmica propia de esta \u00e9poca del a\u00f1o. Uno de los factores que afecta a la calidad y producci\u00f3n en los cultivos hort\u00edcolas es el salto t\u00e9rmico que se produce del d\u00eda a la noche disminuyendo dr\u00e1sticamente la temperatura en muy pocas horas, lo que altera el funcionamiento biol\u00f3gico de la planta.<\/p>\n\n\n\n<p>Las consecuencias para la planta de ese estr\u00e9s t\u00e9rmico van desde la paralizaci\u00f3n de su actividad hasta efectos m\u00e1s severos como su aflicci\u00f3n, pudi\u00e9ndose producir fisiopat\u00edas, alargamiento de entrenudos, disminuci\u00f3n de la floraci\u00f3n y, en el momento del cuajado, malformaciones de los frutos.<\/p>\n\n\n\n<p>En invierno, cuando el riesgo de sufrir una helada es alto, especialmente en cultivos al aire libre, el uso preventivo de <strong><a href=\"https:\/\/www.eibol.com\/pt-pt\/productos\/osmonubol-activador-fisiologico-osmoprotector\/\" target=\"_blank\" rel=\"noreferrer noopener\">OSMONUBOL<\/a> <\/strong>permite equilibrar la presi\u00f3n osm\u00f3tica y aumentar la tolerancia de la planta ante las bajas temperaturas, minimizando los efectos da\u00f1inos.<\/p>\n\n\n\n<p>Con las bajas temperaturas se produce una p\u00e9rdida de masa radicular de la planta afectando a su capacidad de absorci\u00f3n de agua y nutrientes, lo que supone una disminuci\u00f3n de la productividad y la calidad del fruto, reduciendo el rendimiento de la cosecha. Para contrarrestar esta situaci\u00f3n, el uso de enraizantes como <strong><a href=\"https:\/\/www.eibol.com\/pt-pt\/productos\/ret-win-plus-bioestimulante-radicular-para-todo-tipo-cultivos\/\" target=\"_blank\" rel=\"noreferrer noopener\">RET-WIN plus<\/a><\/strong> o <strong><a href=\"https:\/\/www.eibol.com\/pt-pt\/productos\/radiko\/\" target=\"_blank\" rel=\"noreferrer noopener\">RADIKO<\/a><\/strong> activa de nuevo el crecimiento y desarrollo del sistema radicular (pelos absorbentes y ra\u00edces secundarias), favoreciendo que el cultivo produzca con normalidad en \u00e9pocas de estr\u00e9s t\u00e9rmico. La aplicaci\u00f3n de <strong><a href=\"https:\/\/www.eibol.com\/pt-pt\/productos\/ret-win-plus-bioestimulante-radicular-para-todo-tipo-cultivos\/\" target=\"_blank\" rel=\"noreferrer noopener\">RET-WIN plus<\/a><\/strong> o <strong><a href=\"https:\/\/www.eibol.com\/pt-pt\/productos\/radiko\/\" target=\"_blank\" rel=\"noreferrer noopener\">RADIKO<\/a> <\/strong>aporta al cultivo biomol\u00e9culas y\/o microorganismos activadores de la rizog\u00e9nesis que incrementan la capacidad de absorci\u00f3n de la ra\u00edz y producen un efecto estimulante y vigorizante de las funciones vitales de la planta.<\/p>\n\n\n\n<p>Para acelerar la recuperaci\u00f3n del cultivo aconsejamos el empleo (v\u00eda foliar) de <strong><a href=\"https:\/\/www.eibol.com\/pt-pt\/productos\/ret-sul-bioestimulante-para-la-agricultura\/\" target=\"_blank\" rel=\"noreferrer noopener\">RET-SUL<\/a><\/strong>, la soluci\u00f3n que permite impulsar el crecimiento vegetativo de los cultivos ante condiciones bioclim\u00e1ticas adversas.<\/p>\n\n\n\n<p>Como hemos determinado anteriormente, las bajas temperaturas pueden afectar a las etapas de floraci\u00f3n y cuajado. Con la aplicaci\u00f3n de los productos <strong><a href=\"https:\/\/www.eibol.com\/pt-pt\/productos\/quayat-activador-fisiologico-cuajado\/\" target=\"_blank\" rel=\"noreferrer noopener\">QUAYAT<\/a><\/strong> o <strong><a href=\"https:\/\/www.eibol.com\/pt-pt\/productos\/micronubol-bioestimulante-apto-cultivos-ecologicos\/\" target=\"_blank\" rel=\"noreferrer noopener\">MICRONUBOL<\/a><\/strong> lograremos:<\/p>\n\n\n\n<ul class=\"wp-block-list\">\n<li>Evitar los abortos florales y las malformaciones de los frutos cuajados.<\/li>\n\n\n\n<li>Mantener la absorci\u00f3n de f\u00f3sforo en suelos fr\u00edos.<\/li>\n<\/ul>\n\n\n\n<p><strong><a href=\"https:\/\/www.eibol.com\/pt-pt\/productos\/quayat-activador-fisiologico-cuajado\/\" target=\"_blank\" rel=\"noreferrer noopener\">QUAYAT<\/a><\/strong> y <strong><a href=\"https:\/\/www.eibol.com\/pt-pt\/productos\/micronubol-bioestimulante-apto-cultivos-ecologicos\/\" target=\"_blank\" rel=\"noreferrer noopener\">MICRONUBOL<\/a><\/strong> pueden aplicarse tanto v\u00eda foliar como radicular. Esta particularidad es importante ya que favorece su empleo en fertirrigaci\u00f3n en aquellos momentos en que la humedad ambiental es muy alta o cuando las aplicaciones foliares no son recomendables.<\/p>\n\n\n\n<p>El enraizante <strong><a href=\"https:\/\/www.eibol.com\/pt-pt\/productos\/radiko\/\" target=\"_blank\" rel=\"noreferrer noopener\">RADIKO<\/a><\/strong>, el bioestimulante <strong><a href=\"https:\/\/www.eibol.com\/pt-pt\/productos\/micronubol-bioestimulante-apto-cultivos-ecologicos\/\" target=\"_blank\" rel=\"noreferrer noopener\">MICRONUBOL<\/a><\/strong> y el activador fisiol\u00f3gico <strong><a href=\"https:\/\/www.eibol.com\/pt-pt\/productos\/osmonubol-activador-fisiologico-osmoprotector\/\" target=\"_blank\" rel=\"noreferrer noopener\">OSMONUBOL<\/a><\/strong> forman parte de nuestro cat\u00e1logo de productos aptos para agricultura ecol\u00f3gica.<\/p>\n\n\n\n<p><strong><em>\u00a1En invierno, ayuda a tu cultivo!<\/em><\/strong><\/p>\n\n\n\n<p><strong><u>Sobre EIBOL<\/u><\/strong><\/p>\n\n\n\n<p>EIBOL es una compa\u00f1\u00eda biotecnol\u00f3gica especializada en el desarrollo de productos agr\u00edcolas innovadores, cuyo objetivo es el de ayudar al agricultor a lograr cultivos de calidad con alto rendimiento y valor a\u00f1adido.<\/p>\n\n\n\n<p>En nuestras instalaciones contamos con laboratorio propio, sala de fermentaci\u00f3n y planta de formulaci\u00f3n, dotados de la tecnolog\u00eda m\u00e1s avanzada, en los que desarrollamos soluciones biol\u00f3gicas elaboradas a base de fermentaciones y extractos microbianos propios que nutren, estimulan y fortalecen los cultivos.<\/p>\n\n\n\n<p>Nuestro esp\u00edritu innovador, un equipo altamente cualificado y la confianza de los agricultores, nos permite dar respuesta a los desaf\u00edos de la agricultura actual.<\/p>\n\n\n\n<p><strong>EIBOL, m\u00e1s de 30 a\u00f1os al lado del agricultor.<\/strong><\/p>\n","protected":false},"excerpt":{"rendered":"<p>Durante el invierno se producen bruscos cambios de temperatura derivados de la gran amplitud t\u00e9rmica propia de esta \u00e9poca del a\u00f1o. Uno de los factores que afecta a la calidad y producci\u00f3n en los cultivos hort\u00edcolas es el salto t\u00e9rmico que se produce del d\u00eda a la noche disminuyendo dr\u00e1sticamente la temperatura en muy pocas [&#8230;]<\/p>\n<p><a class=\"btn btn-secondary understrap-read-more-link\" href=\"https:\/\/www.eibol.com\/pt-pt\/eibol-protege-tu-cultivo-frente-al-frio\/\">Continuar a ler&#8230;<span class=\"screen-reader-text\"> from EIBOL protege tu cultivo frente al fr\u00edo<\/span><\/a><\/p>\n","protected":false},"author":3,"featured_media":12280,"comment_status":"closed","ping_status":"closed","sticky":false,"template":"","format":"standard","meta":{"inline_featured_image":false,"footnotes":""},"categories":[56,57],"tags":[],"class_list":["post-7481","post","type-post","status-publish","format-standard","has-post-thumbnail","hentry","category-ativadores-fisiologicos","category-bioestimulantes-pt-pt"],"yoast_head":"<!-- This site is optimized with the Yoast SEO plugin v27.0 - https:\/\/yoast.com\/product\/yoast-seo-wordpress\/ -->\n<title>EIBOL protege tu cultivo frente al fr\u00edo - EIBOL Ib\u00e9rica, S. L.<\/title>\n<meta name=\"description\" content=\"EIBOL protege tu cultivo frente al fr\u00edo.\" \/>\n<meta name=\"robots\" content=\"index, follow, max-snippet:-1, max-image-preview:large, max-video-preview:-1\" \/>\n<link rel=\"canonical\" href=\"https:\/\/www.eibol.com\/pt-pt\/eibol-protege-tu-cultivo-frente-al-frio\/\" \/>\n<meta property=\"og:locale\" content=\"pt_PT\" \/>\n<meta property=\"og:type\" content=\"article\" \/>\n<meta property=\"og:title\" content=\"EIBOL protege tu cultivo frente al fr\u00edo - EIBOL Ib\u00e9rica, S. L.\" \/>\n<meta property=\"og:description\" content=\"EIBOL protege tu cultivo frente al fr\u00edo.\" \/>\n<meta property=\"og:url\" content=\"https:\/\/www.eibol.com\/pt-pt\/eibol-protege-tu-cultivo-frente-al-frio\/\" \/>\n<meta property=\"og:site_name\" content=\"EIBOL Ib\u00e9rica, S. L.\" \/>\n<meta property=\"article:published_time\" content=\"2022-01-17T15:56:53+00:00\" \/>\n<meta property=\"article:modified_time\" content=\"2023-01-19T08:45:57+00:00\" \/>\n<meta property=\"og:image\" content=\"https:\/\/www.eibol.com\/wp-content\/uploads\/2022\/01\/Eibol-Proteccion-Frio-Web-23-1.jpg\" \/>\n\t<meta property=\"og:image:width\" content=\"820\" \/>\n\t<meta property=\"og:image:height\" content=\"400\" \/>\n\t<meta property=\"og:image:type\" content=\"image\/jpeg\" \/>\n<meta name=\"author\" content=\"EIBOL\" \/>\n<meta name=\"twitter:card\" content=\"summary_large_image\" \/>\n<meta name=\"twitter:label1\" content=\"Escrito por\" \/>\n\t<meta name=\"twitter:data1\" content=\"EIBOL\" \/>\n\t<meta name=\"twitter:label2\" content=\"Tempo estimado de leitura\" \/>\n\t<meta name=\"twitter:data2\" content=\"3 minutos\" \/>\n<script type=\"application\/ld+json\" class=\"yoast-schema-graph\">{\"@context\":\"https:\/\/schema.org\",\"@graph\":[{\"@type\":\"Article\",\"@id\":\"https:\/\/www.eibol.com\/pt-pt\/eibol-protege-tu-cultivo-frente-al-frio\/#article\",\"isPartOf\":{\"@id\":\"https:\/\/www.eibol.com\/pt-pt\/eibol-protege-tu-cultivo-frente-al-frio\/\"},\"author\":{\"name\":\"EIBOL\",\"@id\":\"https:\/\/www.eibol.com\/pt-pt\/#\/schema\/person\/438e65ad72ce99c287f2506331ed0da9\"},\"headline\":\"EIBOL protege tu cultivo frente al fr\u00edo\",\"datePublished\":\"2022-01-17T15:56:53+00:00\",\"dateModified\":\"2023-01-19T08:45:57+00:00\",\"mainEntityOfPage\":{\"@id\":\"https:\/\/www.eibol.com\/pt-pt\/eibol-protege-tu-cultivo-frente-al-frio\/\"},\"wordCount\":590,\"image\":{\"@id\":\"https:\/\/www.eibol.com\/pt-pt\/eibol-protege-tu-cultivo-frente-al-frio\/#primaryimage\"},\"thumbnailUrl\":\"https:\/\/www.eibol.com\/wp-content\/uploads\/2022\/01\/Eibol-Proteccion-Frio-Web-23-1.jpg\",\"articleSection\":[\"Ativadores fisiol\u00f3gicos\",\"Bioestimulantes\"],\"inLanguage\":\"pt-PT\"},{\"@type\":\"WebPage\",\"@id\":\"https:\/\/www.eibol.com\/pt-pt\/eibol-protege-tu-cultivo-frente-al-frio\/\",\"url\":\"https:\/\/www.eibol.com\/pt-pt\/eibol-protege-tu-cultivo-frente-al-frio\/\",\"name\":\"EIBOL protege tu cultivo frente al fr\u00edo - EIBOL Ib\u00e9rica, S. L.\",\"isPartOf\":{\"@id\":\"https:\/\/www.eibol.com\/pt-pt\/#website\"},\"primaryImageOfPage\":{\"@id\":\"https:\/\/www.eibol.com\/pt-pt\/eibol-protege-tu-cultivo-frente-al-frio\/#primaryimage\"},\"image\":{\"@id\":\"https:\/\/www.eibol.com\/pt-pt\/eibol-protege-tu-cultivo-frente-al-frio\/#primaryimage\"},\"thumbnailUrl\":\"https:\/\/www.eibol.com\/wp-content\/uploads\/2022\/01\/Eibol-Proteccion-Frio-Web-23-1.jpg\",\"datePublished\":\"2022-01-17T15:56:53+00:00\",\"dateModified\":\"2023-01-19T08:45:57+00:00\",\"author\":{\"@id\":\"https:\/\/www.eibol.com\/pt-pt\/#\/schema\/person\/438e65ad72ce99c287f2506331ed0da9\"},\"description\":\"EIBOL protege tu cultivo frente al fr\u00edo.\",\"breadcrumb\":{\"@id\":\"https:\/\/www.eibol.com\/pt-pt\/eibol-protege-tu-cultivo-frente-al-frio\/#breadcrumb\"},\"inLanguage\":\"pt-PT\",\"potentialAction\":[{\"@type\":\"ReadAction\",\"target\":[\"https:\/\/www.eibol.com\/pt-pt\/eibol-protege-tu-cultivo-frente-al-frio\/\"]}]},{\"@type\":\"ImageObject\",\"inLanguage\":\"pt-PT\",\"@id\":\"https:\/\/www.eibol.com\/pt-pt\/eibol-protege-tu-cultivo-frente-al-frio\/#primaryimage\",\"url\":\"https:\/\/www.eibol.com\/wp-content\/uploads\/2022\/01\/Eibol-Proteccion-Frio-Web-23-1.jpg\",\"contentUrl\":\"https:\/\/www.eibol.com\/wp-content\/uploads\/2022\/01\/Eibol-Proteccion-Frio-Web-23-1.jpg\",\"width\":820,\"height\":400},{\"@type\":\"BreadcrumbList\",\"@id\":\"https:\/\/www.eibol.com\/pt-pt\/eibol-protege-tu-cultivo-frente-al-frio\/#breadcrumb\",\"itemListElement\":[{\"@type\":\"ListItem\",\"position\":1,\"name\":\"Portada\",\"item\":\"https:\/\/www.eibol.com\/pt-pt\/\"},{\"@type\":\"ListItem\",\"position\":2,\"name\":\"EIBOL protege tu cultivo frente al fr\u00edo\"}]},{\"@type\":\"WebSite\",\"@id\":\"https:\/\/www.eibol.com\/pt-pt\/#website\",\"url\":\"https:\/\/www.eibol.com\/pt-pt\/\",\"name\":\"EIBOL Ib\u00e9rica, S. L.\",\"description\":\"Bioestimulantes y productos ecol\u00f3gicos para la agricultura\",\"potentialAction\":[{\"@type\":\"SearchAction\",\"target\":{\"@type\":\"EntryPoint\",\"urlTemplate\":\"https:\/\/www.eibol.com\/pt-pt\/?s={search_term_string}\"},\"query-input\":{\"@type\":\"PropertyValueSpecification\",\"valueRequired\":true,\"valueName\":\"search_term_string\"}}],\"inLanguage\":\"pt-PT\"},{\"@type\":\"Person\",\"@id\":\"https:\/\/www.eibol.com\/pt-pt\/#\/schema\/person\/438e65ad72ce99c287f2506331ed0da9\",\"name\":\"EIBOL\",\"sameAs\":[\"https:\/\/www.eibol.com\/\"],\"url\":\"https:\/\/www.eibol.com\/pt-pt\/author\/eibol\/\"}]}<\/script>\n<!-- \/ Yoast SEO plugin. -->","yoast_head_json":{"title":"EIBOL protege tu cultivo frente al fr\u00edo - EIBOL Ib\u00e9rica, S. L.","description":"EIBOL protege tu cultivo frente al fr\u00edo.","robots":{"index":"index","follow":"follow","max-snippet":"max-snippet:-1","max-image-preview":"max-image-preview:large","max-video-preview":"max-video-preview:-1"},"canonical":"https:\/\/www.eibol.com\/pt-pt\/eibol-protege-tu-cultivo-frente-al-frio\/","og_locale":"pt_PT","og_type":"article","og_title":"EIBOL protege tu cultivo frente al fr\u00edo - EIBOL Ib\u00e9rica, S. L.","og_description":"EIBOL protege tu cultivo frente al fr\u00edo.","og_url":"https:\/\/www.eibol.com\/pt-pt\/eibol-protege-tu-cultivo-frente-al-frio\/","og_site_name":"EIBOL Ib\u00e9rica, S. L.","article_published_time":"2022-01-17T15:56:53+00:00","article_modified_time":"2023-01-19T08:45:57+00:00","og_image":[{"width":820,"height":400,"url":"https:\/\/www.eibol.com\/wp-content\/uploads\/2022\/01\/Eibol-Proteccion-Frio-Web-23-1.jpg","type":"image\/jpeg"}],"author":"EIBOL","twitter_card":"summary_large_image","twitter_misc":{"Escrito por":"EIBOL","Tempo estimado de leitura":"3 minutos"},"schema":{"@context":"https:\/\/schema.org","@graph":[{"@type":"Article","@id":"https:\/\/www.eibol.com\/pt-pt\/eibol-protege-tu-cultivo-frente-al-frio\/#article","isPartOf":{"@id":"https:\/\/www.eibol.com\/pt-pt\/eibol-protege-tu-cultivo-frente-al-frio\/"},"author":{"name":"EIBOL","@id":"https:\/\/www.eibol.com\/pt-pt\/#\/schema\/person\/438e65ad72ce99c287f2506331ed0da9"},"headline":"EIBOL protege tu cultivo frente al fr\u00edo","datePublished":"2022-01-17T15:56:53+00:00","dateModified":"2023-01-19T08:45:57+00:00","mainEntityOfPage":{"@id":"https:\/\/www.eibol.com\/pt-pt\/eibol-protege-tu-cultivo-frente-al-frio\/"},"wordCount":590,"image":{"@id":"https:\/\/www.eibol.com\/pt-pt\/eibol-protege-tu-cultivo-frente-al-frio\/#primaryimage"},"thumbnailUrl":"https:\/\/www.eibol.com\/wp-content\/uploads\/2022\/01\/Eibol-Proteccion-Frio-Web-23-1.jpg","articleSection":["Ativadores fisiol\u00f3gicos","Bioestimulantes"],"inLanguage":"pt-PT"},{"@type":"WebPage","@id":"https:\/\/www.eibol.com\/pt-pt\/eibol-protege-tu-cultivo-frente-al-frio\/","url":"https:\/\/www.eibol.com\/pt-pt\/eibol-protege-tu-cultivo-frente-al-frio\/","name":"EIBOL protege tu cultivo frente al fr\u00edo - EIBOL Ib\u00e9rica, S. L.","isPartOf":{"@id":"https:\/\/www.eibol.com\/pt-pt\/#website"},"primaryImageOfPage":{"@id":"https:\/\/www.eibol.com\/pt-pt\/eibol-protege-tu-cultivo-frente-al-frio\/#primaryimage"},"image":{"@id":"https:\/\/www.eibol.com\/pt-pt\/eibol-protege-tu-cultivo-frente-al-frio\/#primaryimage"},"thumbnailUrl":"https:\/\/www.eibol.com\/wp-content\/uploads\/2022\/01\/Eibol-Proteccion-Frio-Web-23-1.jpg","datePublished":"2022-01-17T15:56:53+00:00","dateModified":"2023-01-19T08:45:57+00:00","author":{"@id":"https:\/\/www.eibol.com\/pt-pt\/#\/schema\/person\/438e65ad72ce99c287f2506331ed0da9"},"description":"EIBOL protege tu cultivo frente al fr\u00edo.","breadcrumb":{"@id":"https:\/\/www.eibol.com\/pt-pt\/eibol-protege-tu-cultivo-frente-al-frio\/#breadcrumb"},"inLanguage":"pt-PT","potentialAction":[{"@type":"ReadAction","target":["https:\/\/www.eibol.com\/pt-pt\/eibol-protege-tu-cultivo-frente-al-frio\/"]}]},{"@type":"ImageObject","inLanguage":"pt-PT","@id":"https:\/\/www.eibol.com\/pt-pt\/eibol-protege-tu-cultivo-frente-al-frio\/#primaryimage","url":"https:\/\/www.eibol.com\/wp-content\/uploads\/2022\/01\/Eibol-Proteccion-Frio-Web-23-1.jpg","contentUrl":"https:\/\/www.eibol.com\/wp-content\/uploads\/2022\/01\/Eibol-Proteccion-Frio-Web-23-1.jpg","width":820,"height":400},{"@type":"BreadcrumbList","@id":"https:\/\/www.eibol.com\/pt-pt\/eibol-protege-tu-cultivo-frente-al-frio\/#breadcrumb","itemListElement":[{"@type":"ListItem","position":1,"name":"Portada","item":"https:\/\/www.eibol.com\/pt-pt\/"},{"@type":"ListItem","position":2,"name":"EIBOL protege tu cultivo frente al fr\u00edo"}]},{"@type":"WebSite","@id":"https:\/\/www.eibol.com\/pt-pt\/#website","url":"https:\/\/www.eibol.com\/pt-pt\/","name":"EIBOL Ib\u00e9rica, S. L.","description":"Bioestimulantes y productos ecol\u00f3gicos para la agricultura","potentialAction":[{"@type":"SearchAction","target":{"@type":"EntryPoint","urlTemplate":"https:\/\/www.eibol.com\/pt-pt\/?s={search_term_string}"},"query-input":{"@type":"PropertyValueSpecification","valueRequired":true,"valueName":"search_term_string"}}],"inLanguage":"pt-PT"},{"@type":"Person","@id":"https:\/\/www.eibol.com\/pt-pt\/#\/schema\/person\/438e65ad72ce99c287f2506331ed0da9","name":"EIBOL","sameAs":["https:\/\/www.eibol.com\/"],"url":"https:\/\/www.eibol.com\/pt-pt\/author\/eibol\/"}]}},"_links":{"self":[{"href":"https:\/\/www.eibol.com\/pt-pt\/wp-json\/wp\/v2\/posts\/7481","targetHints":{"allow":["GET"]}}],"collection":[{"href":"https:\/\/www.eibol.com\/pt-pt\/wp-json\/wp\/v2\/posts"}],"about":[{"href":"https:\/\/www.eibol.com\/pt-pt\/wp-json\/wp\/v2\/types\/post"}],"author":[{"embeddable":true,"href":"https:\/\/www.eibol.com\/pt-pt\/wp-json\/wp\/v2\/users\/3"}],"replies":[{"embeddable":true,"href":"https:\/\/www.eibol.com\/pt-pt\/wp-json\/wp\/v2\/comments?post=7481"}],"version-history":[{"count":4,"href":"https:\/\/www.eibol.com\/pt-pt\/wp-json\/wp\/v2\/posts\/7481\/revisions"}],"predecessor-version":[{"id":12284,"href":"https:\/\/www.eibol.com\/pt-pt\/wp-json\/wp\/v2\/posts\/7481\/revisions\/12284"}],"wp:featuredmedia":[{"embeddable":true,"href":"https:\/\/www.eibol.com\/pt-pt\/wp-json\/wp\/v2\/media\/12280"}],"wp:attachment":[{"href":"https:\/\/www.eibol.com\/pt-pt\/wp-json\/wp\/v2\/media?parent=7481"}],"wp:term":[{"taxonomy":"category","embeddable":true,"href":"https:\/\/www.eibol.com\/pt-pt\/wp-json\/wp\/v2\/categories?post=7481"},{"taxonomy":"post_tag","embeddable":true,"href":"https:\/\/www.eibol.com\/pt-pt\/wp-json\/wp\/v2\/tags?post=7481"}],"curies":[{"name":"wp","href":"https:\/\/api.w.org\/{rel}","templated":true}]}}